{"id":715,"date":"2022-01-21T04:49:38","date_gmt":"2022-01-21T04:49:38","guid":{"rendered":"https:\/\/abenteuerwandern.ch\/sites\/?p=715"},"modified":"2025-11-02T10:12:21","modified_gmt":"2025-11-02T10:12:21","slug":"barrhorn-3610m","status":"publish","type":"post","link":"https:\/\/abenteuerwandern.ch\/sites\/barrhorn-3610m\/","title":{"rendered":"Barrhorn 3610m"},"content":{"rendered":"\n<p>Mo. 6. - Di. 7. Juli 2026 <\/p>\n\n\n\n<!--more-->\n\n\n\n<figure class=\"wp-block-gallery has-nested-images columns-default is-cropped wp-block-gallery-1 is-layout-flex wp-block-gallery-is-layout-flex\">\n<figure class=\"wp-block-image size-large\"><a href=\"https:\/\/abenteuerwandern.ch\/sites\/wp-content\/uploads\/2021\/05\/1-2-1-scaled.jpeg\"><img loading=\"lazy\" decoding=\"async\" width=\"1024\" height=\"768\" data-id=\"717\" src=\"https:\/\/abenteuerwandern.ch\/sites\/wp-content\/uploads\/2021\/05\/1-2-1-1024x768.jpeg\" alt=\"\" class=\"wp-image-717\" srcset=\"https:\/\/abenteuerwandern.ch\/sites\/wp-content\/uploads\/2021\/05\/1-2-1-1024x768.jpeg 1024w, https:\/\/abenteuerwandern.ch\/sites\/wp-content\/uploads\/2021\/05\/1-2-1-300x225.jpeg 300w, https:\/\/abenteuerwandern.ch\/sites\/wp-content\/uploads\/2021\/05\/1-2-1-768x576.jpeg 768w, https:\/\/abenteuerwandern.ch\/sites\/wp-content\/uploads\/2021\/05\/1-2-1-1536x1152.jpeg 1536w, https:\/\/abenteuerwandern.ch\/sites\/wp-content\/uploads\/2021\/05\/1-2-1-2048x1536.jpeg 2048w, https:\/\/abenteuerwandern.ch\/sites\/wp-content\/uploads\/2021\/05\/1-2-1-scaled.jpeg 2560w\" sizes=\"auto, (max-width: 1024px) 100vw, 1024px\" \/><\/a><\/figure>\n\n\n\n<figure class=\"wp-block-image size-large\"><a href=\"https:\/\/abenteuerwandern.ch\/sites\/wp-content\/uploads\/2021\/05\/2-3-scaled.jpeg\"><img loading=\"lazy\" decoding=\"async\" width=\"1024\" height=\"768\" data-id=\"719\" src=\"https:\/\/abenteuerwandern.ch\/sites\/wp-content\/uploads\/2021\/05\/2-3-1024x768.jpeg\" alt=\"\" class=\"wp-image-719\" srcset=\"https:\/\/abenteuerwandern.ch\/sites\/wp-content\/uploads\/2021\/05\/2-3-1024x768.jpeg 1024w, https:\/\/abenteuerwandern.ch\/sites\/wp-content\/uploads\/2021\/05\/2-3-300x225.jpeg 300w, https:\/\/abenteuerwandern.ch\/sites\/wp-content\/uploads\/2021\/05\/2-3-768x576.jpeg 768w, https:\/\/abenteuerwandern.ch\/sites\/wp-content\/uploads\/2021\/05\/2-3-1536x1152.jpeg 1536w, https:\/\/abenteuerwandern.ch\/sites\/wp-content\/uploads\/2021\/05\/2-3-2048x1536.jpeg 2048w, https:\/\/abenteuerwandern.ch\/sites\/wp-content\/uploads\/2021\/05\/2-3-scaled.jpeg 2560w\" sizes=\"auto, (max-width: 1024px) 100vw, 1024px\" \/><\/a><\/figure>\n\n\n\n<figure class=\"wp-block-image size-large\"><a href=\"https:\/\/abenteuerwandern.ch\/sites\/wp-content\/uploads\/2021\/05\/1-14-scaled.jpeg\"><img loading=\"lazy\" decoding=\"async\" width=\"1024\" height=\"768\" data-id=\"720\" src=\"https:\/\/abenteuerwandern.ch\/sites\/wp-content\/uploads\/2021\/05\/1-14-1024x768.jpeg\" alt=\"\" class=\"wp-image-720\" srcset=\"https:\/\/abenteuerwandern.ch\/sites\/wp-content\/uploads\/2021\/05\/1-14-1024x768.jpeg 1024w, https:\/\/abenteuerwandern.ch\/sites\/wp-content\/uploads\/2021\/05\/1-14-300x225.jpeg 300w, https:\/\/abenteuerwandern.ch\/sites\/wp-content\/uploads\/2021\/05\/1-14-768x576.jpeg 768w, https:\/\/abenteuerwandern.ch\/sites\/wp-content\/uploads\/2021\/05\/1-14-1536x1152.jpeg 1536w, https:\/\/abenteuerwandern.ch\/sites\/wp-content\/uploads\/2021\/05\/1-14-2048x1536.jpeg 2048w, https:\/\/abenteuerwandern.ch\/sites\/wp-content\/uploads\/2021\/05\/1-14-scaled.jpeg 2560w\" sizes=\"auto, (max-width: 1024px) 100vw, 1024px\" \/><\/a><\/figure>\n<\/figure>\n\n\n\n<h2 class=\"wp-block-heading\">Beschreibung<\/h2>\n\n\n\n<p>Das Barrhorn der h\u00f6chste Wanderberg der Alpen<br>Im Banne von der Monte Rosa Kette und dem Weisshorn<br>Edelweiss stehen uns Spalier<br>Wildromantisches Turtmanntal<\/p>\n\n\n\n<p><strong>Sicherheit<\/strong><br>Gute Kondition und Ausdauer erforderlich<br><br><strong>Komfort<\/strong><br>\u00dcbernachtung in H\u00fctte<br><br><strong>Skala<\/strong><br>T3 - T4 anspruchsvolles Bergwandern<br><br><strong>Dauer<\/strong><br>2 Tage<br><br><strong>Teilnehmer<\/strong><br>min: 4 - max: 8<br><br><strong>Preis<\/strong><br>CHF 360.- pro Person<br><br><strong>Ausgangsort<\/strong><br>Turtmann (<a href=\"https:\/\/goo.gl\/maps\/ZiAu73AcyKxbMQqW9\" target=\"_blank\" rel=\"noreferrer noopener\">Link auf Google Karte)<\/a><\/p>\n\n\n\n<p><strong>Tag 1<br>Gruben - Turtmannh\u00fctte<\/strong><br>Distanz 8.6 km<br>Aufstieg 937 m<br>Abstieg 254 m<br>Dauer 3:45 h<\/p>\n\n\n\n<p>Nach der Fahrt mit Seilbahn und Bus ins wildromatische Turtmanntal, steigen wir auf dem Weg der auf den Augsbordpass f\u00fchrt auf bis zum Gruben Mittelstafel. Hier geht es \u00fcber einen sch\u00f6nen Panoramaweg durch Zierstrauchheide, immer mit Sicht auf den Turtmanngletscher, bis zur Turtmannh\u00fctte. In der heimeligen H\u00fctte \u00fcbernachten wir. Der Talschluss des Turtmanntals ist gepr\u00e4gt von dem Bishorn, dem Brunegghorn und der Les Diablons. Von hier aus hat man eine wunderbare Sicht \u00fcber das ganze Turtmanntal.<\/p>\n\n\n\n<p><strong>Tag 2<br>Turtmannh\u00fctte - Barrhorn 3610m  - Gruben<\/strong><br>Distanz 17 km<br>Aufstieg 1170 m<br>Abstieg 1870 m<br>Dauer 7:15h<\/p>\n\n\n\n<p>Fr\u00fch am Morgen steigen wir \u00fcber das G\u00e4ssi, welches mit Eisenketten gesichert ist, dem Barrhorn entgegen. Nach dieser kurzen Passage geht es \u00fcber M\u00f6ranen sanft ansteigend immer h\u00f6her. \u00dcber einen Zickzackweg steigt es dann hoch zum Sch\u00f6llijoch. Von hier aus haben wir schon ein tolles Panorma auf die Walliser 4000er. Noch ein steiler Aufstieg wartet auf uns, bevor wir auf dem \u00e4usseren Barrhorn stehen.Von dem h\u00f6chsten Wanderberg Europas haben wir eine wunderbare Rundsicht zur Mischabelkette dem Weisshorn und zu den n\u00f6rdlichen Walliser- und Berneralpen. Auf dem R\u00fcckweg erfreut sich unser Auge an der hochalpinen Flora. Wir machen eine verdiente Pause bei der Turtmannh\u00fctte, bevor wir frisch gest\u00e4rkt den Abstieg bis nach Gruben unter die F\u00fcsse nehmen. Von hier aus geht es wieder mit Bus und Seilbahn nach Hause.<\/p>\n","protected":false},"excerpt":{"rendered":"<p>Mo. 6. - Di. 7. Juli 2026<\/p>\n","protected":false},"author":2,"featured_media":1275,"comment_status":"closed","ping_status":"closed","sticky":false,"template":"","format":"standard","meta":{"footnotes":""},"categories":[2],"tags":[7,143,150,140,147,141,148,149,146,145,144,142],"class_list":["post-715","post","type-post","status-publish","format-standard","has-post-thumbnail","hentry","category-programm","tag-abenteuerwandern","tag-anspruchsvolles-wandern","tag-aussicht","tag-bergwandern","tag-gruben","tag-hoechster-wanderberg","tag-oberems","tag-turtmann","tag-turtmannhuette","tag-turtmanntal","tag-wallis","tag-wandern-in-den-alpen"],"yoast_head":"<!-- This site is optimized with the Yoast SEO plugin v27.4 - https:\/\/yoast.com\/product\/yoast-seo-wordpress\/ -->\n<title>Barrhorn 3610m - Das Wandern wird zum Abenteuer<\/title>\n<meta name=\"robots\" content=\"index, follow, max-snippet:-1, max-image-preview:large, max-video-preview:-1\" \/>\n<link rel=\"canonical\" href=\"https:\/\/abenteuerwandern.ch\/sites\/barrhorn-3610m\/\" \/>\n<meta property=\"og:locale\" content=\"de_DE\" \/>\n<meta property=\"og:type\" content=\"article\" \/>\n<meta property=\"og:title\" content=\"Barrhorn 3610m - Das Wandern wird zum Abenteuer\" \/>\n<meta property=\"og:description\" content=\"Mo. 6. - Di. 7. Juli 2026\" \/>\n<meta property=\"og:url\" content=\"https:\/\/abenteuerwandern.ch\/sites\/barrhorn-3610m\/\" \/>\n<meta property=\"og:site_name\" content=\"Das Wandern wird zum Abenteuer\" \/>\n<meta property=\"article:published_time\" content=\"2022-01-21T04:49:38+00:00\" \/>\n<meta property=\"article:modified_time\" content=\"2025-11-02T10:12:21+00:00\" \/>\n<meta property=\"og:image\" content=\"https:\/\/abenteuerwandern.ch\/sites\/wp-content\/uploads\/2022\/01\/1-scaled.jpeg\" \/>\n\t<meta property=\"og:image:width\" content=\"2560\" \/>\n\t<meta property=\"og:image:height\" content=\"1920\" \/>\n\t<meta property=\"og:image:type\" content=\"image\/jpeg\" \/>\n<meta name=\"author\" content=\"Rafaela Bregy-Tscherry\" \/>\n<meta name=\"twitter:card\" content=\"summary_large_image\" \/>\n<meta name=\"twitter:label1\" content=\"Verfasst von\" \/>\n\t<meta name=\"twitter:data1\" content=\"Rafaela Bregy-Tscherry\" \/>\n\t<meta name=\"twitter:label2\" content=\"Gesch\u00e4tzte Lesezeit\" \/>\n\t<meta name=\"twitter:data2\" content=\"3\u00a0Minuten\" \/>\n<script type=\"application\/ld+json\" class=\"yoast-schema-graph\">{\"@context\":\"https:\\\/\\\/schema.org\",\"@graph\":[{\"@type\":\"Article\",\"@id\":\"https:\\\/\\\/abenteuerwandern.ch\\\/sites\\\/barrhorn-3610m\\\/#article\",\"isPartOf\":{\"@id\":\"https:\\\/\\\/abenteuerwandern.ch\\\/sites\\\/barrhorn-3610m\\\/\"},\"author\":{\"name\":\"Rafaela Bregy-Tscherry\",\"@id\":\"https:\\\/\\\/abenteuerwandern.ch\\\/sites\\\/#\\\/schema\\\/person\\\/d472c37d6b0bd99dd7ba59a2a26c2399\"},\"headline\":\"Barrhorn 3610m\",\"datePublished\":\"2022-01-21T04:49:38+00:00\",\"dateModified\":\"2025-11-02T10:12:21+00:00\",\"mainEntityOfPage\":{\"@id\":\"https:\\\/\\\/abenteuerwandern.ch\\\/sites\\\/barrhorn-3610m\\\/\"},\"wordCount\":306,\"image\":{\"@id\":\"https:\\\/\\\/abenteuerwandern.ch\\\/sites\\\/barrhorn-3610m\\\/#primaryimage\"},\"thumbnailUrl\":\"https:\\\/\\\/abenteuerwandern.ch\\\/sites\\\/wp-content\\\/uploads\\\/2022\\\/01\\\/1-scaled.jpeg\",\"keywords\":[\"abenteuerwandern\",\"anspruchsvolles Wandern\",\"Aussicht\",\"Bergwandern\",\"gruben\",\"h\u00f6chster Wanderberg\",\"oberems\",\"turtmann\",\"turtmannh\u00fctte\",\"Turtmanntal\",\"Wallis\",\"Wandern in den Alpen\"],\"articleSection\":[\"Programm\"],\"inLanguage\":\"de\"},{\"@type\":\"WebPage\",\"@id\":\"https:\\\/\\\/abenteuerwandern.ch\\\/sites\\\/barrhorn-3610m\\\/\",\"url\":\"https:\\\/\\\/abenteuerwandern.ch\\\/sites\\\/barrhorn-3610m\\\/\",\"name\":\"Barrhorn 3610m - Das Wandern wird zum Abenteuer\",\"isPartOf\":{\"@id\":\"https:\\\/\\\/abenteuerwandern.ch\\\/sites\\\/#website\"},\"primaryImageOfPage\":{\"@id\":\"https:\\\/\\\/abenteuerwandern.ch\\\/sites\\\/barrhorn-3610m\\\/#primaryimage\"},\"image\":{\"@id\":\"https:\\\/\\\/abenteuerwandern.ch\\\/sites\\\/barrhorn-3610m\\\/#primaryimage\"},\"thumbnailUrl\":\"https:\\\/\\\/abenteuerwandern.ch\\\/sites\\\/wp-content\\\/uploads\\\/2022\\\/01\\\/1-scaled.jpeg\",\"datePublished\":\"2022-01-21T04:49:38+00:00\",\"dateModified\":\"2025-11-02T10:12:21+00:00\",\"author\":{\"@id\":\"https:\\\/\\\/abenteuerwandern.ch\\\/sites\\\/#\\\/schema\\\/person\\\/d472c37d6b0bd99dd7ba59a2a26c2399\"},\"breadcrumb\":{\"@id\":\"https:\\\/\\\/abenteuerwandern.ch\\\/sites\\\/barrhorn-3610m\\\/#breadcrumb\"},\"inLanguage\":\"de\",\"potentialAction\":[{\"@type\":\"ReadAction\",\"target\":[\"https:\\\/\\\/abenteuerwandern.ch\\\/sites\\\/barrhorn-3610m\\\/\"]}]},{\"@type\":\"ImageObject\",\"inLanguage\":\"de\",\"@id\":\"https:\\\/\\\/abenteuerwandern.ch\\\/sites\\\/barrhorn-3610m\\\/#primaryimage\",\"url\":\"https:\\\/\\\/abenteuerwandern.ch\\\/sites\\\/wp-content\\\/uploads\\\/2022\\\/01\\\/1-scaled.jpeg\",\"contentUrl\":\"https:\\\/\\\/abenteuerwandern.ch\\\/sites\\\/wp-content\\\/uploads\\\/2022\\\/01\\\/1-scaled.jpeg\",\"width\":2560,\"height\":1920},{\"@type\":\"BreadcrumbList\",\"@id\":\"https:\\\/\\\/abenteuerwandern.ch\\\/sites\\\/barrhorn-3610m\\\/#breadcrumb\",\"itemListElement\":[{\"@type\":\"ListItem\",\"position\":1,\"name\":\"Startseite\",\"item\":\"https:\\\/\\\/abenteuerwandern.ch\\\/sites\\\/\"},{\"@type\":\"ListItem\",\"position\":2,\"name\":\"Barrhorn 3610m\"}]},{\"@type\":\"WebSite\",\"@id\":\"https:\\\/\\\/abenteuerwandern.ch\\\/sites\\\/#website\",\"url\":\"https:\\\/\\\/abenteuerwandern.ch\\\/sites\\\/\",\"name\":\"Das Wandern wird zum Abenteuer\",\"description\":\"Rafaela Bregy-Tscherry, Diplomierte Wanderleiterin\",\"potentialAction\":[{\"@type\":\"SearchAction\",\"target\":{\"@type\":\"EntryPoint\",\"urlTemplate\":\"https:\\\/\\\/abenteuerwandern.ch\\\/sites\\\/?s={search_term_string}\"},\"query-input\":{\"@type\":\"PropertyValueSpecification\",\"valueRequired\":true,\"valueName\":\"search_term_string\"}}],\"inLanguage\":\"de\"},{\"@type\":\"Person\",\"@id\":\"https:\\\/\\\/abenteuerwandern.ch\\\/sites\\\/#\\\/schema\\\/person\\\/d472c37d6b0bd99dd7ba59a2a26c2399\",\"name\":\"Rafaela Bregy-Tscherry\",\"image\":{\"@type\":\"ImageObject\",\"inLanguage\":\"de\",\"@id\":\"https:\\\/\\\/secure.gravatar.com\\\/avatar\\\/9e92e756236969dbfcc9b20989256c69cf873047b2746e69c25678f7cef66d38?s=96&d=mm&r=g\",\"url\":\"https:\\\/\\\/secure.gravatar.com\\\/avatar\\\/9e92e756236969dbfcc9b20989256c69cf873047b2746e69c25678f7cef66d38?s=96&d=mm&r=g\",\"contentUrl\":\"https:\\\/\\\/secure.gravatar.com\\\/avatar\\\/9e92e756236969dbfcc9b20989256c69cf873047b2746e69c25678f7cef66d38?s=96&d=mm&r=g\",\"caption\":\"Rafaela Bregy-Tscherry\"},\"url\":\"https:\\\/\\\/abenteuerwandern.ch\\\/sites\\\/author\\\/raf_21noprst4\\\/\"}]}<\/script>\n<!-- \/ Yoast SEO plugin. -->","yoast_head_json":{"title":"Barrhorn 3610m - Das Wandern wird zum Abenteuer","robots":{"index":"index","follow":"follow","max-snippet":"max-snippet:-1","max-image-preview":"max-image-preview:large","max-video-preview":"max-video-preview:-1"},"canonical":"https:\/\/abenteuerwandern.ch\/sites\/barrhorn-3610m\/","og_locale":"de_DE","og_type":"article","og_title":"Barrhorn 3610m - Das Wandern wird zum Abenteuer","og_description":"Mo. 6. - Di. 7. Juli 2026","og_url":"https:\/\/abenteuerwandern.ch\/sites\/barrhorn-3610m\/","og_site_name":"Das Wandern wird zum Abenteuer","article_published_time":"2022-01-21T04:49:38+00:00","article_modified_time":"2025-11-02T10:12:21+00:00","og_image":[{"width":2560,"height":1920,"url":"https:\/\/abenteuerwandern.ch\/sites\/wp-content\/uploads\/2022\/01\/1-scaled.jpeg","type":"image\/jpeg"}],"author":"Rafaela Bregy-Tscherry","twitter_card":"summary_large_image","twitter_misc":{"Verfasst von":"Rafaela Bregy-Tscherry","Gesch\u00e4tzte Lesezeit":"3\u00a0Minuten"},"schema":{"@context":"https:\/\/schema.org","@graph":[{"@type":"Article","@id":"https:\/\/abenteuerwandern.ch\/sites\/barrhorn-3610m\/#article","isPartOf":{"@id":"https:\/\/abenteuerwandern.ch\/sites\/barrhorn-3610m\/"},"author":{"name":"Rafaela Bregy-Tscherry","@id":"https:\/\/abenteuerwandern.ch\/sites\/#\/schema\/person\/d472c37d6b0bd99dd7ba59a2a26c2399"},"headline":"Barrhorn 3610m","datePublished":"2022-01-21T04:49:38+00:00","dateModified":"2025-11-02T10:12:21+00:00","mainEntityOfPage":{"@id":"https:\/\/abenteuerwandern.ch\/sites\/barrhorn-3610m\/"},"wordCount":306,"image":{"@id":"https:\/\/abenteuerwandern.ch\/sites\/barrhorn-3610m\/#primaryimage"},"thumbnailUrl":"https:\/\/abenteuerwandern.ch\/sites\/wp-content\/uploads\/2022\/01\/1-scaled.jpeg","keywords":["abenteuerwandern","anspruchsvolles Wandern","Aussicht","Bergwandern","gruben","h\u00f6chster Wanderberg","oberems","turtmann","turtmannh\u00fctte","Turtmanntal","Wallis","Wandern in den Alpen"],"articleSection":["Programm"],"inLanguage":"de"},{"@type":"WebPage","@id":"https:\/\/abenteuerwandern.ch\/sites\/barrhorn-3610m\/","url":"https:\/\/abenteuerwandern.ch\/sites\/barrhorn-3610m\/","name":"Barrhorn 3610m - Das Wandern wird zum Abenteuer","isPartOf":{"@id":"https:\/\/abenteuerwandern.ch\/sites\/#website"},"primaryImageOfPage":{"@id":"https:\/\/abenteuerwandern.ch\/sites\/barrhorn-3610m\/#primaryimage"},"image":{"@id":"https:\/\/abenteuerwandern.ch\/sites\/barrhorn-3610m\/#primaryimage"},"thumbnailUrl":"https:\/\/abenteuerwandern.ch\/sites\/wp-content\/uploads\/2022\/01\/1-scaled.jpeg","datePublished":"2022-01-21T04:49:38+00:00","dateModified":"2025-11-02T10:12:21+00:00","author":{"@id":"https:\/\/abenteuerwandern.ch\/sites\/#\/schema\/person\/d472c37d6b0bd99dd7ba59a2a26c2399"},"breadcrumb":{"@id":"https:\/\/abenteuerwandern.ch\/sites\/barrhorn-3610m\/#breadcrumb"},"inLanguage":"de","potentialAction":[{"@type":"ReadAction","target":["https:\/\/abenteuerwandern.ch\/sites\/barrhorn-3610m\/"]}]},{"@type":"ImageObject","inLanguage":"de","@id":"https:\/\/abenteuerwandern.ch\/sites\/barrhorn-3610m\/#primaryimage","url":"https:\/\/abenteuerwandern.ch\/sites\/wp-content\/uploads\/2022\/01\/1-scaled.jpeg","contentUrl":"https:\/\/abenteuerwandern.ch\/sites\/wp-content\/uploads\/2022\/01\/1-scaled.jpeg","width":2560,"height":1920},{"@type":"BreadcrumbList","@id":"https:\/\/abenteuerwandern.ch\/sites\/barrhorn-3610m\/#breadcrumb","itemListElement":[{"@type":"ListItem","position":1,"name":"Startseite","item":"https:\/\/abenteuerwandern.ch\/sites\/"},{"@type":"ListItem","position":2,"name":"Barrhorn 3610m"}]},{"@type":"WebSite","@id":"https:\/\/abenteuerwandern.ch\/sites\/#website","url":"https:\/\/abenteuerwandern.ch\/sites\/","name":"Das Wandern wird zum Abenteuer","description":"Rafaela Bregy-Tscherry, Diplomierte Wanderleiterin","potentialAction":[{"@type":"SearchAction","target":{"@type":"EntryPoint","urlTemplate":"https:\/\/abenteuerwandern.ch\/sites\/?s={search_term_string}"},"query-input":{"@type":"PropertyValueSpecification","valueRequired":true,"valueName":"search_term_string"}}],"inLanguage":"de"},{"@type":"Person","@id":"https:\/\/abenteuerwandern.ch\/sites\/#\/schema\/person\/d472c37d6b0bd99dd7ba59a2a26c2399","name":"Rafaela Bregy-Tscherry","image":{"@type":"ImageObject","inLanguage":"de","@id":"https:\/\/secure.gravatar.com\/avatar\/9e92e756236969dbfcc9b20989256c69cf873047b2746e69c25678f7cef66d38?s=96&d=mm&r=g","url":"https:\/\/secure.gravatar.com\/avatar\/9e92e756236969dbfcc9b20989256c69cf873047b2746e69c25678f7cef66d38?s=96&d=mm&r=g","contentUrl":"https:\/\/secure.gravatar.com\/avatar\/9e92e756236969dbfcc9b20989256c69cf873047b2746e69c25678f7cef66d38?s=96&d=mm&r=g","caption":"Rafaela Bregy-Tscherry"},"url":"https:\/\/abenteuerwandern.ch\/sites\/author\/raf_21noprst4\/"}]}},"_links":{"self":[{"href":"https:\/\/abenteuerwandern.ch\/sites\/wp-json\/wp\/v2\/posts\/715","targetHints":{"allow":["GET"]}}],"collection":[{"href":"https:\/\/abenteuerwandern.ch\/sites\/wp-json\/wp\/v2\/posts"}],"about":[{"href":"https:\/\/abenteuerwandern.ch\/sites\/wp-json\/wp\/v2\/types\/post"}],"author":[{"embeddable":true,"href":"https:\/\/abenteuerwandern.ch\/sites\/wp-json\/wp\/v2\/users\/2"}],"replies":[{"embeddable":true,"href":"https:\/\/abenteuerwandern.ch\/sites\/wp-json\/wp\/v2\/comments?post=715"}],"version-history":[{"count":9,"href":"https:\/\/abenteuerwandern.ch\/sites\/wp-json\/wp\/v2\/posts\/715\/revisions"}],"predecessor-version":[{"id":1428,"href":"https:\/\/abenteuerwandern.ch\/sites\/wp-json\/wp\/v2\/posts\/715\/revisions\/1428"}],"wp:featuredmedia":[{"embeddable":true,"href":"https:\/\/abenteuerwandern.ch\/sites\/wp-json\/wp\/v2\/media\/1275"}],"wp:attachment":[{"href":"https:\/\/abenteuerwandern.ch\/sites\/wp-json\/wp\/v2\/media?parent=715"}],"wp:term":[{"taxonomy":"category","embeddable":true,"href":"https:\/\/abenteuerwandern.ch\/sites\/wp-json\/wp\/v2\/categories?post=715"},{"taxonomy":"post_tag","embeddable":true,"href":"https:\/\/abenteuerwandern.ch\/sites\/wp-json\/wp\/v2\/tags?post=715"}],"curies":[{"name":"wp","href":"https:\/\/api.w.org\/{rel}","templated":true}]}}